 {"id":1066,"date":"2020-04-03T17:40:32","date_gmt":"2020-04-03T15:40:32","guid":{"rendered":"http:\/\/feuerwehrwolfring.de\/wordpress\/?p=1066"},"modified":"2020-04-03T17:40:32","modified_gmt":"2020-04-03T15:40:32","slug":"03-04-2020-wir-halten-abstand","status":"publish","type":"post","link":"https:\/\/feuerwehrwolfring.de\/wordpress\/03-04-2020-wir-halten-abstand\/","title":{"rendered":"03.04.2020 &#8211; Wir halten Abstand"},"content":{"rendered":"<p>Besondere Zeiten erfordern besondere Ma\u00dfnahmen.<br \/>\nNachdem wir bereits seit einiger Zeit den \u00dcbungsbetrieb ausgesetzt und alle Veranstaltung bis auf Weiteres abgesagt haben, gehen wir nun auch im Einsatzdienst &#8222;auf Abstand&#8220;. Im LF 20 werden wir nur noch mit einer Staffel, also der Mindestbesatzung, ausr\u00fccken. Weitere Kr\u00e4fte kommen mit dem MZF &#8211; nat\u00fcrlich auch mit dem gebotenen Abstand &#8211; zur Einsatzstelle.&nbsp;<\/p>\nngg_shortcode_0_placeholder\n","protected":false},"excerpt":{"rendered":"<p>Besondere Zeiten erfordern besondere Ma\u00dfnahmen. Nachdem wir bereits seit einiger Zeit den \u00dcbungsbetrieb ausgesetzt und alle Veranstaltung bis auf Weiteres abgesagt haben, gehen wir nun auch im Einsatzdienst &#8222;auf Abstand&#8220;. Im LF 20 werden wir nur noch mit einer Staffel, also der Mindestbesatzung, ausr\u00fccken. Weitere Kr\u00e4fte kommen mit dem MZF &#8211; nat\u00fcrlich auch mit dem&nbsp;&hellip;<\/p>\n","protected":false},"author":1,"featured_media":1071,"comment_status":"closed","ping_status":"closed","sticky":false,"template":"","format":"standard","meta":{"ngg_post_thumbnail":0},"categories":[4],"tags":[5],"_links":{"self":[{"href":"https:\/\/feuerwehrwolfring.de\/wordpress\/wp-json\/wp\/v2\/posts\/1066"}],"collection":[{"href":"https:\/\/feuerwehrwolfring.de\/wordpress\/wp-json\/wp\/v2\/posts"}],"about":[{"href":"https:\/\/feuerwehrwolfring.de\/wordpress\/wp-json\/wp\/v2\/types\/post"}],"author":[{"embeddable":true,"href":"https:\/\/feuerwehrwolfring.de\/wordpress\/wp-json\/wp\/v2\/users\/1"}],"replies":[{"embeddable":true,"href":"https:\/\/feuerwehrwolfring.de\/wordpress\/wp-json\/wp\/v2\/comments?post=1066"}],"version-history":[{"count":1,"href":"https:\/\/feuerwehrwolfring.de\/wordpress\/wp-json\/wp\/v2\/posts\/1066\/revisions"}],"predecessor-version":[{"id":1072,"href":"https:\/\/feuerwehrwolfring.de\/wordpress\/wp-json\/wp\/v2\/posts\/1066\/revisions\/1072"}],"wp:featuredmedia":[{"embeddable":true,"href":"https:\/\/feuerwehrwolfring.de\/wordpress\/wp-json\/wp\/v2\/media\/1071"}],"wp:attachment":[{"href":"https:\/\/feuerwehrwolfring.de\/wordpress\/wp-json\/wp\/v2\/media?parent=1066"}],"wp:term":[{"taxonomy":"category","embeddable":true,"href":"https:\/\/feuerwehrwolfring.de\/wordpress\/wp-json\/wp\/v2\/categories?post=1066"},{"taxonomy":"post_tag","embeddable":true,"href":"https:\/\/feuerwehrwolfring.de\/wordpress\/wp-json\/wp\/v2\/tags?post=1066"}],"curies":[{"name":"wp","href":"https:\/\/api.w.org\/{rel}","templated":true}]}}