 {"id":1344,"date":"2021-09-17T08:44:00","date_gmt":"2021-09-17T06:44:00","guid":{"rendered":"http:\/\/feuerwehrwolfring.de\/wordpress\/?p=1344"},"modified":"2021-10-17T08:45:52","modified_gmt":"2021-10-17T06:45:52","slug":"17-09-2021-jugendflamme-2","status":"publish","type":"post","link":"https:\/\/feuerwehrwolfring.de\/wordpress\/17-09-2021-jugendflamme-2\/","title":{"rendered":"17.09.2021 &#8211; Jugendflamme 2"},"content":{"rendered":"<p>Zur Abnahme der Jugendflamme Stufe II trafen sich die Jugendfeuerwehren aus Fensterbach am Feuerwehrhaus in Wolfring. Die Floriansj\u00fcnger aus D\u00fcrnsricht, H\u00f6gling und Wolfring wurden durch den Jugendwartsprecher Sebastian Meier und den Abnahmeberechtigten Armin Jehl begr\u00fc\u00dft. Danach ging es gleich an die Pr\u00fcfungsaufgaben. F\u00fcr die Jungen und M\u00e4dchen galt es insgesamt vier Stationen zu absolvieren. Eine Saugleitung sowie eine 90m lange C-Schlauchstrecke kuppeln, feuerwehrtechnische Ger\u00e4te im Fahrzeug bestimmen und deren Funktion erkl\u00e4ren und das Setzen eines Standrohrs zur Wasserentnahme waren jene Aufgaben, die von den Pr\u00fcfern kontrolliert wurden. Am Ende konnten alle 14 Teilnehmer ihre Abzeichen mit den Flammen in Gelb und Orange entgegennehmen. Unsere Ausbildung erfolgte heuer zusammen mit der Jugendfeuerwehr H\u00f6gling. Dies war eine gelungene Kooperation, die gerne bei weiteren Abzeichen fortgef\u00fchrt werden kann.<\/p>\nngg_shortcode_0_placeholder\n","protected":false},"excerpt":{"rendered":"<p>Zur Abnahme der Jugendflamme Stufe II trafen sich die Jugendfeuerwehren aus Fensterbach am Feuerwehrhaus in Wolfring. Die Floriansj\u00fcnger aus D\u00fcrnsricht, H\u00f6gling und Wolfring wurden durch den Jugendwartsprecher Sebastian Meier und den Abnahmeberechtigten Armin Jehl begr\u00fc\u00dft. Danach ging es gleich an die Pr\u00fcfungsaufgaben. F\u00fcr die Jungen und M\u00e4dchen galt es insgesamt vier Stationen zu absolvieren. Eine&nbsp;&hellip;<\/p>\n","protected":false},"author":1,"featured_media":1348,"comment_status":"closed","ping_status":"closed","sticky":false,"template":"","format":"standard","meta":{"ngg_post_thumbnail":0},"categories":[9],"tags":[27],"_links":{"self":[{"href":"https:\/\/feuerwehrwolfring.de\/wordpress\/wp-json\/wp\/v2\/posts\/1344"}],"collection":[{"href":"https:\/\/feuerwehrwolfring.de\/wordpress\/wp-json\/wp\/v2\/posts"}],"about":[{"href":"https:\/\/feuerwehrwolfring.de\/wordpress\/wp-json\/wp\/v2\/types\/post"}],"author":[{"embeddable":true,"href":"https:\/\/feuerwehrwolfring.de\/wordpress\/wp-json\/wp\/v2\/users\/1"}],"replies":[{"embeddable":true,"href":"https:\/\/feuerwehrwolfring.de\/wordpress\/wp-json\/wp\/v2\/comments?post=1344"}],"version-history":[{"count":1,"href":"https:\/\/feuerwehrwolfring.de\/wordpress\/wp-json\/wp\/v2\/posts\/1344\/revisions"}],"predecessor-version":[{"id":1349,"href":"https:\/\/feuerwehrwolfring.de\/wordpress\/wp-json\/wp\/v2\/posts\/1344\/revisions\/1349"}],"wp:featuredmedia":[{"embeddable":true,"href":"https:\/\/feuerwehrwolfring.de\/wordpress\/wp-json\/wp\/v2\/media\/1348"}],"wp:attachment":[{"href":"https:\/\/feuerwehrwolfring.de\/wordpress\/wp-json\/wp\/v2\/media?parent=1344"}],"wp:term":[{"taxonomy":"category","embeddable":true,"href":"https:\/\/feuerwehrwolfring.de\/wordpress\/wp-json\/wp\/v2\/categories?post=1344"},{"taxonomy":"post_tag","embeddable":true,"href":"https:\/\/feuerwehrwolfring.de\/wordpress\/wp-json\/wp\/v2\/tags?post=1344"}],"curies":[{"name":"wp","href":"https:\/\/api.w.org\/{rel}","templated":true}]}}