 {"id":1376,"date":"2021-10-09T20:00:00","date_gmt":"2021-10-09T18:00:00","guid":{"rendered":"http:\/\/feuerwehrwolfring.de\/wordpress\/?p=1376"},"modified":"2021-10-19T19:45:56","modified_gmt":"2021-10-19T17:45:56","slug":"09-10-2021-fahr-sicherheits-training","status":"publish","type":"post","link":"https:\/\/feuerwehrwolfring.de\/wordpress\/09-10-2021-fahr-sicherheits-training\/","title":{"rendered":"09.10.2021 &#8211; Fahr-Sicherheits-Training"},"content":{"rendered":"<p>Zw\u00f6lf Kameraden unserer aktiven Mitglieder nahmen k\u00fcrzlich an einem Fahrsicherheitstraining teil. Unter Anleitung der Fahrschule Weinzierl begannen nach einer kurzen Theorieeinheit schon die praktischen Fahr\u00fcbungen. Bei Slalomparcours, Bremsman\u00f6vern und Kreisfahrten bei nasser Fahrbahn wurden unsere beiden Einsatzfahrzeuge an die Grenzen der physikalischen Gesetze getrieben.<br \/>\nSo konnten alle Teilnehmer neue Erfahrungen f\u00fcr zuk\u00fcnftige \u00dcbungs- und Einsatzfahrten sammeln und so unsere Arbeit wieder ein St\u00fcck sicherer machen.<\/p>\nngg_shortcode_0_placeholder\n","protected":false},"excerpt":{"rendered":"<p>Zw\u00f6lf Kameraden unserer aktiven Mitglieder nahmen k\u00fcrzlich an einem Fahrsicherheitstraining teil. Unter Anleitung der Fahrschule Weinzierl begannen nach einer kurzen Theorieeinheit schon die praktischen Fahr\u00fcbungen. Bei Slalomparcours, Bremsman\u00f6vern und Kreisfahrten bei nasser Fahrbahn wurden unsere beiden Einsatzfahrzeuge an die Grenzen der physikalischen Gesetze getrieben. So konnten alle Teilnehmer neue Erfahrungen f\u00fcr zuk\u00fcnftige \u00dcbungs- und Einsatzfahrten&nbsp;&hellip;<\/p>\n","protected":false},"author":1,"featured_media":1386,"comment_status":"closed","ping_status":"closed","sticky":false,"template":"","format":"standard","meta":{"ngg_post_thumbnail":0},"categories":[4],"tags":[5],"_links":{"self":[{"href":"https:\/\/feuerwehrwolfring.de\/wordpress\/wp-json\/wp\/v2\/posts\/1376"}],"collection":[{"href":"https:\/\/feuerwehrwolfring.de\/wordpress\/wp-json\/wp\/v2\/posts"}],"about":[{"href":"https:\/\/feuerwehrwolfring.de\/wordpress\/wp-json\/wp\/v2\/types\/post"}],"author":[{"embeddable":true,"href":"https:\/\/feuerwehrwolfring.de\/wordpress\/wp-json\/wp\/v2\/users\/1"}],"replies":[{"embeddable":true,"href":"https:\/\/feuerwehrwolfring.de\/wordpress\/wp-json\/wp\/v2\/comments?post=1376"}],"version-history":[{"count":1,"href":"https:\/\/feuerwehrwolfring.de\/wordpress\/wp-json\/wp\/v2\/posts\/1376\/revisions"}],"predecessor-version":[{"id":1387,"href":"https:\/\/feuerwehrwolfring.de\/wordpress\/wp-json\/wp\/v2\/posts\/1376\/revisions\/1387"}],"wp:featuredmedia":[{"embeddable":true,"href":"https:\/\/feuerwehrwolfring.de\/wordpress\/wp-json\/wp\/v2\/media\/1386"}],"wp:attachment":[{"href":"https:\/\/feuerwehrwolfring.de\/wordpress\/wp-json\/wp\/v2\/media?parent=1376"}],"wp:term":[{"taxonomy":"category","embeddable":true,"href":"https:\/\/feuerwehrwolfring.de\/wordpress\/wp-json\/wp\/v2\/categories?post=1376"},{"taxonomy":"post_tag","embeddable":true,"href":"https:\/\/feuerwehrwolfring.de\/wordpress\/wp-json\/wp\/v2\/tags?post=1376"}],"curies":[{"name":"wp","href":"https:\/\/api.w.org\/{rel}","templated":true}]}}