 {"id":1586,"date":"2022-10-18T11:05:00","date_gmt":"2022-10-18T09:05:00","guid":{"rendered":"https:\/\/feuerwehrwolfring.de\/wordpress\/?p=1586"},"modified":"2022-10-23T11:06:28","modified_gmt":"2022-10-23T09:06:28","slug":"17-10-2022-kirwa-montag","status":"publish","type":"post","link":"https:\/\/feuerwehrwolfring.de\/wordpress\/17-10-2022-kirwa-montag\/","title":{"rendered":"17.10.2022 &#8211; Kirwa-Montag"},"content":{"rendered":"<p>An der vergangenen Allerweltskirwa nutzten wir die Gelegenheit, unseren Feuerwehr-Montag zu einem Fest f\u00fcr die Bev\u00f6lkerung zu machen. So konnten wir zusammen mit Freunden aus den umliegenden Wehren sowie vielen Dorfbewohnern einen gem\u00fctlichen Abend im Ger\u00e4tehaus verbringen.<\/p>\nngg_shortcode_0_placeholder\n","protected":false},"excerpt":{"rendered":"<p>An der vergangenen Allerweltskirwa nutzten wir die Gelegenheit, unseren Feuerwehr-Montag zu einem Fest f\u00fcr die Bev\u00f6lkerung zu machen. So konnten wir zusammen mit Freunden aus den umliegenden Wehren sowie vielen Dorfbewohnern einen gem\u00fctlichen Abend im Ger\u00e4tehaus verbringen.<\/p>\n","protected":false},"author":1,"featured_media":1591,"comment_status":"closed","ping_status":"closed","sticky":false,"template":"","format":"standard","meta":{"ngg_post_thumbnail":0},"categories":[7],"tags":[8],"_links":{"self":[{"href":"https:\/\/feuerwehrwolfring.de\/wordpress\/wp-json\/wp\/v2\/posts\/1586"}],"collection":[{"href":"https:\/\/feuerwehrwolfring.de\/wordpress\/wp-json\/wp\/v2\/posts"}],"about":[{"href":"https:\/\/feuerwehrwolfring.de\/wordpress\/wp-json\/wp\/v2\/types\/post"}],"author":[{"embeddable":true,"href":"https:\/\/feuerwehrwolfring.de\/wordpress\/wp-json\/wp\/v2\/users\/1"}],"replies":[{"embeddable":true,"href":"https:\/\/feuerwehrwolfring.de\/wordpress\/wp-json\/wp\/v2\/comments?post=1586"}],"version-history":[{"count":1,"href":"https:\/\/feuerwehrwolfring.de\/wordpress\/wp-json\/wp\/v2\/posts\/1586\/revisions"}],"predecessor-version":[{"id":1592,"href":"https:\/\/feuerwehrwolfring.de\/wordpress\/wp-json\/wp\/v2\/posts\/1586\/revisions\/1592"}],"wp:featuredmedia":[{"embeddable":true,"href":"https:\/\/feuerwehrwolfring.de\/wordpress\/wp-json\/wp\/v2\/media\/1591"}],"wp:attachment":[{"href":"https:\/\/feuerwehrwolfring.de\/wordpress\/wp-json\/wp\/v2\/media?parent=1586"}],"wp:term":[{"taxonomy":"category","embeddable":true,"href":"https:\/\/feuerwehrwolfring.de\/wordpress\/wp-json\/wp\/v2\/categories?post=1586"},{"taxonomy":"post_tag","embeddable":true,"href":"https:\/\/feuerwehrwolfring.de\/wordpress\/wp-json\/wp\/v2\/tags?post=1586"}],"curies":[{"name":"wp","href":"https:\/\/api.w.org\/{rel}","templated":true}]}}