 {"id":1711,"date":"2022-11-20T15:31:00","date_gmt":"2022-11-20T14:31:00","guid":{"rendered":"https:\/\/feuerwehrwolfring.de\/wordpress\/?p=1711"},"modified":"2023-01-24T14:49:24","modified_gmt":"2023-01-24T13:49:24","slug":"19-11-2022-landkreis-uebergreifende-leistungspruefung","status":"publish","type":"post","link":"https:\/\/feuerwehrwolfring.de\/wordpress\/19-11-2022-landkreis-uebergreifende-leistungspruefung\/","title":{"rendered":"19.11.2022 &#8211; Landkreis \u00fcbergreifende Leistungspr\u00fcfung"},"content":{"rendered":"<p>Die Zusammenarbeit mehrerer Feuerwehren wird in Zukunft immer wichtiger werden. Insgesamt 43 Feuerwehrleute der Feuerwehren Pittersberg (Landkreis Amberg-Sulzbach), H\u00f6gling und Wolfring (beide Landkreis Schwandorf) legten in Pittersberg gemeinsam die Leistungspr\u00fcfung &#8222;Die Gruppe im Hilfeleistungseinsatz&#8220; ab. Bestens vorbereitet durch die Ausbilder der drei Feuerwehren mussten die Teilnehmer bei einem angenommenen Verkehrsunfall mit eingeklemmter Person die Unfallstelle absichern und ausleuchten, um anschlie\u00dfend ein Unfallopfer mit Rettungsschere und -spreizer aus einem PKW zu befreien. Zuvor galt es, je nach abzulegender Stufe, Fragen und Aufgaben zu Ger\u00e4tekunde, Technischer Hilfeleistung oder Erster Hilfe zu bew\u00e4ltigen. Die Pr\u00fcfer der Kreisbrandinspektion Amberg-Sulzbach \u2013 Kreisbrandmeister J\u00fcrgen Ehrnsberger, Kreisbrandmeister Dominik Ernst und Kreisbrandmeister Helmut Braun \u2013 bescheinigten den insgesamt f\u00fcnf Gruppen eine tadellose Leistung und gratulierten zur bestandenen Pr\u00fcfung. KBM Ehrnsberger und der Ebermannsdorfer B\u00fcrgermeister Erich Meidinger bedankten sich bei den Kommandanten der drei Feuerwehren f\u00fcr den Weitblick, die Zusammenarbeit \u00fcber Orts- und Landkreisgrenzen hinaus zu forcieren.<\/p>\n<p>Zum Abschluss traf man sich zu einem kameradschaftlichen Abschlussabend im Feuerwehrger\u00e4tehaus in Pittersberg, in dessen Rahmen die erreichten Abzeichen an die Feuerwehrfrauen und -m\u00e4nner verliehen wurden.<\/p>\nngg_shortcode_0_placeholder\n","protected":false},"excerpt":{"rendered":"<p>Die Zusammenarbeit mehrerer Feuerwehren wird in Zukunft immer wichtiger werden. Insgesamt 43 Feuerwehrleute der Feuerwehren Pittersberg (Landkreis Amberg-Sulzbach), H\u00f6gling und Wolfring (beide Landkreis Schwandorf) legten in Pittersberg gemeinsam die Leistungspr\u00fcfung &#8222;Die Gruppe im Hilfeleistungseinsatz&#8220; ab. Bestens vorbereitet durch die Ausbilder der drei Feuerwehren mussten die Teilnehmer bei einem angenommenen Verkehrsunfall mit eingeklemmter Person die Unfallstelle&nbsp;&hellip;<\/p>\n","protected":false},"author":1,"featured_media":1729,"comment_status":"closed","ping_status":"closed","sticky":false,"template":"","format":"standard","meta":{"ngg_post_thumbnail":0},"categories":[4],"tags":[5],"_links":{"self":[{"href":"https:\/\/feuerwehrwolfring.de\/wordpress\/wp-json\/wp\/v2\/posts\/1711"}],"collection":[{"href":"https:\/\/feuerwehrwolfring.de\/wordpress\/wp-json\/wp\/v2\/posts"}],"about":[{"href":"https:\/\/feuerwehrwolfring.de\/wordpress\/wp-json\/wp\/v2\/types\/post"}],"author":[{"embeddable":true,"href":"https:\/\/feuerwehrwolfring.de\/wordpress\/wp-json\/wp\/v2\/users\/1"}],"replies":[{"embeddable":true,"href":"https:\/\/feuerwehrwolfring.de\/wordpress\/wp-json\/wp\/v2\/comments?post=1711"}],"version-history":[{"count":1,"href":"https:\/\/feuerwehrwolfring.de\/wordpress\/wp-json\/wp\/v2\/posts\/1711\/revisions"}],"predecessor-version":[{"id":1730,"href":"https:\/\/feuerwehrwolfring.de\/wordpress\/wp-json\/wp\/v2\/posts\/1711\/revisions\/1730"}],"wp:featuredmedia":[{"embeddable":true,"href":"https:\/\/feuerwehrwolfring.de\/wordpress\/wp-json\/wp\/v2\/media\/1729"}],"wp:attachment":[{"href":"https:\/\/feuerwehrwolfring.de\/wordpress\/wp-json\/wp\/v2\/media?parent=1711"}],"wp:term":[{"taxonomy":"category","embeddable":true,"href":"https:\/\/feuerwehrwolfring.de\/wordpress\/wp-json\/wp\/v2\/categories?post=1711"},{"taxonomy":"post_tag","embeddable":true,"href":"https:\/\/feuerwehrwolfring.de\/wordpress\/wp-json\/wp\/v2\/tags?post=1711"}],"curies":[{"name":"wp","href":"https:\/\/api.w.org\/{rel}","templated":true}]}}