 {"id":1940,"date":"2023-04-05T11:16:46","date_gmt":"2023-04-05T09:16:46","guid":{"rendered":"https:\/\/feuerwehrwolfring.de\/wordpress\/?p=1940"},"modified":"2023-11-07T11:07:23","modified_gmt":"2023-11-07T10:07:23","slug":"03-04-2023-aufbau-dekonplatz","status":"publish","type":"post","link":"https:\/\/feuerwehrwolfring.de\/wordpress\/03-04-2023-aufbau-dekonplatz\/","title":{"rendered":"03.04.2023 &#8211; Aufbau Dekonplatz"},"content":{"rendered":"<p>Im letzten \u00dcbungsblock stand das Thema &#8222;Gefahrgut &#8211; Dekontamination&#8220; auf dem \u00dcbungsplan. Getrennt in Schwarz- und Wei\u00df-Bereich wurde die Einrichtung und der Betrieb eines Dekon-Platzes mit den uns zur Verf\u00fcgung stehenden Mitteln ge\u00fcbt. In einer mit 4 Steckleiterteilen errichteten provisorischen Wanne k\u00f6nnen Einsatzkr\u00e4fte nach einem Gefahrguteinsatz dekontaminiert werden. Die im Einsatz getragene Chemikalienschutz- und Einsatzkleidung wird vor Ort abgelegt und in luftdichte S\u00e4cke verpackt. Ziel soll es sein, die Verschleppung von Gefahrstoffen, z.B. ins Einsatzfahrzeug oder ins Ger\u00e4tehaus, zu vermeiden.<\/p>\nngg_shortcode_0_placeholder\n","protected":false},"excerpt":{"rendered":"<p>Im letzten \u00dcbungsblock stand das Thema &#8222;Gefahrgut &#8211; Dekontamination&#8220; auf dem \u00dcbungsplan. Getrennt in Schwarz- und Wei\u00df-Bereich wurde die Einrichtung und der Betrieb eines Dekon-Platzes mit den uns zur Verf\u00fcgung stehenden Mitteln ge\u00fcbt. In einer mit 4 Steckleiterteilen errichteten provisorischen Wanne k\u00f6nnen Einsatzkr\u00e4fte nach einem Gefahrguteinsatz dekontaminiert werden. Die im Einsatz getragene Chemikalienschutz- und Einsatzkleidung&nbsp;&hellip;<\/p>\n","protected":false},"author":1,"featured_media":1949,"comment_status":"closed","ping_status":"closed","sticky":false,"template":"","format":"standard","meta":{"ngg_post_thumbnail":0},"categories":[4],"tags":[5],"_links":{"self":[{"href":"https:\/\/feuerwehrwolfring.de\/wordpress\/wp-json\/wp\/v2\/posts\/1940"}],"collection":[{"href":"https:\/\/feuerwehrwolfring.de\/wordpress\/wp-json\/wp\/v2\/posts"}],"about":[{"href":"https:\/\/feuerwehrwolfring.de\/wordpress\/wp-json\/wp\/v2\/types\/post"}],"author":[{"embeddable":true,"href":"https:\/\/feuerwehrwolfring.de\/wordpress\/wp-json\/wp\/v2\/users\/1"}],"replies":[{"embeddable":true,"href":"https:\/\/feuerwehrwolfring.de\/wordpress\/wp-json\/wp\/v2\/comments?post=1940"}],"version-history":[{"count":1,"href":"https:\/\/feuerwehrwolfring.de\/wordpress\/wp-json\/wp\/v2\/posts\/1940\/revisions"}],"predecessor-version":[{"id":1950,"href":"https:\/\/feuerwehrwolfring.de\/wordpress\/wp-json\/wp\/v2\/posts\/1940\/revisions\/1950"}],"wp:featuredmedia":[{"embeddable":true,"href":"https:\/\/feuerwehrwolfring.de\/wordpress\/wp-json\/wp\/v2\/media\/1949"}],"wp:attachment":[{"href":"https:\/\/feuerwehrwolfring.de\/wordpress\/wp-json\/wp\/v2\/media?parent=1940"}],"wp:term":[{"taxonomy":"category","embeddable":true,"href":"https:\/\/feuerwehrwolfring.de\/wordpress\/wp-json\/wp\/v2\/categories?post=1940"},{"taxonomy":"post_tag","embeddable":true,"href":"https:\/\/feuerwehrwolfring.de\/wordpress\/wp-json\/wp\/v2\/tags?post=1940"}],"curies":[{"name":"wp","href":"https:\/\/api.w.org\/{rel}","templated":true}]}}