 {"id":701,"date":"2017-01-21T16:15:43","date_gmt":"2017-01-21T15:15:43","guid":{"rendered":"http:\/\/feuerwehrwolfring.de\/wordpress\/?p=701"},"modified":"2018-12-16T16:17:33","modified_gmt":"2018-12-16T15:17:33","slug":"21-01-2017-verein-beschafft-waermebildkamera","status":"publish","type":"post","link":"https:\/\/feuerwehrwolfring.de\/wordpress\/21-01-2017-verein-beschafft-waermebildkamera\/","title":{"rendered":"21.01.2017 &#8211; Verein beschafft W\u00e4rmebildkamera"},"content":{"rendered":"<p>Der Feuerwehrverein beschafft eine ex-gesch\u00fctzte W\u00e4rmebildkamera f\u00fcr die aktive Wehr.<\/p>\n<p>Auf der diesj\u00e4hrigen Jahreshauptversammlung \u00fcberreichte unser Vorstand Thomas Wifling zusammen mit 2. B\u00fcrgermeister Josef Sturm eine neu beschaffte W\u00e4rmebildkamera an unser beiden Kommandanten Markus Plank und Alex Plank. Der Feuerwehrverein stellte f\u00fcr die Beschaffung die finanziellen Mittel zur Verf\u00fcgung, nachdem die Gemeinde im Dezember 2016 mit der Zuschussbeantragung den Weg geebnet hatte. Josef Sturm dankte der FF Wolfring f\u00fcr die Anschaffung, da auch der Feuerwehrbedarfsplan eine solche Kamera f\u00fcr die Gemeindefeuerwehren empfehle. Die Kommandanten betonten, dass W\u00e4rmebildkameras eine wertvolle Hilfe bei verschiedensten Eins\u00e4tzen leisten k\u00f6nne. Ganz bewusst habe man sich f\u00fcr ein EX-gesch\u00fctztes Model entschieden.<\/p>\n","protected":false},"excerpt":{"rendered":"<p>Der Feuerwehrverein beschafft eine ex-gesch\u00fctzte W\u00e4rmebildkamera f\u00fcr die aktive Wehr. Auf der diesj\u00e4hrigen Jahreshauptversammlung \u00fcberreichte unser Vorstand Thomas Wifling zusammen mit 2. B\u00fcrgermeister Josef Sturm eine neu beschaffte W\u00e4rmebildkamera an unser beiden Kommandanten Markus Plank und Alex Plank. Der Feuerwehrverein stellte f\u00fcr die Beschaffung die finanziellen Mittel zur Verf\u00fcgung, nachdem die Gemeinde im Dezember 2016&nbsp;&hellip;<\/p>\n","protected":false},"author":1,"featured_media":703,"comment_status":"closed","ping_status":"closed","sticky":false,"template":"","format":"standard","meta":{"ngg_post_thumbnail":0},"categories":[4],"tags":[5,8],"_links":{"self":[{"href":"https:\/\/feuerwehrwolfring.de\/wordpress\/wp-json\/wp\/v2\/posts\/701"}],"collection":[{"href":"https:\/\/feuerwehrwolfring.de\/wordpress\/wp-json\/wp\/v2\/posts"}],"about":[{"href":"https:\/\/feuerwehrwolfring.de\/wordpress\/wp-json\/wp\/v2\/types\/post"}],"author":[{"embeddable":true,"href":"https:\/\/feuerwehrwolfring.de\/wordpress\/wp-json\/wp\/v2\/users\/1"}],"replies":[{"embeddable":true,"href":"https:\/\/feuerwehrwolfring.de\/wordpress\/wp-json\/wp\/v2\/comments?post=701"}],"version-history":[{"count":1,"href":"https:\/\/feuerwehrwolfring.de\/wordpress\/wp-json\/wp\/v2\/posts\/701\/revisions"}],"predecessor-version":[{"id":702,"href":"https:\/\/feuerwehrwolfring.de\/wordpress\/wp-json\/wp\/v2\/posts\/701\/revisions\/702"}],"wp:featuredmedia":[{"embeddable":true,"href":"https:\/\/feuerwehrwolfring.de\/wordpress\/wp-json\/wp\/v2\/media\/703"}],"wp:attachment":[{"href":"https:\/\/feuerwehrwolfring.de\/wordpress\/wp-json\/wp\/v2\/media?parent=701"}],"wp:term":[{"taxonomy":"category","embeddable":true,"href":"https:\/\/feuerwehrwolfring.de\/wordpress\/wp-json\/wp\/v2\/categories?post=701"},{"taxonomy":"post_tag","embeddable":true,"href":"https:\/\/feuerwehrwolfring.de\/wordpress\/wp-json\/wp\/v2\/tags?post=701"}],"curies":[{"name":"wp","href":"https:\/\/api.w.org\/{rel}","templated":true}]}}