 {"id":704,"date":"2017-04-27T16:19:30","date_gmt":"2017-04-27T14:19:30","guid":{"rendered":"http:\/\/feuerwehrwolfring.de\/wordpress\/?p=704"},"modified":"2018-12-16T16:30:22","modified_gmt":"2018-12-16T15:30:22","slug":"27-04-2017-bierprobe-mit-der-ff-ebermannsdorf","status":"publish","type":"post","link":"https:\/\/feuerwehrwolfring.de\/wordpress\/27-04-2017-bierprobe-mit-der-ff-ebermannsdorf\/","title":{"rendered":"27.04.2017 &#8211; Bierprobe mit der FF Ebermannsdorf"},"content":{"rendered":"<p>Zusammen mit der FF Ebermannsdorf fand die Bierprobe f\u00fcr das bevorstehende Jubli\u00e4um statt.<\/p>\n<p>Das 125-j\u00e4hrige Gr\u00fcndungsfest unserer Patenwehr FF Ebermannsdorf steht kurz bevor. Aus diesem Grund machten sich Mitglieder beider Wehren auf den Weg zur Schlossbrauerei Naabeck zur Bierprobe. Nach einer kurzen Brauereif\u00fchrung wurde nat\u00fcrlich in geselliger Runde bei einer z\u00fcnftigen Brotzeit der eigens f\u00fcr das Jubil\u00e4um gebraute Gerstensaft ausgiebig getestet.<\/p>\nngg_shortcode_0_placeholder\n","protected":false},"excerpt":{"rendered":"<p>Zusammen mit der FF Ebermannsdorf fand die Bierprobe f\u00fcr das bevorstehende Jubli\u00e4um statt. Das 125-j\u00e4hrige Gr\u00fcndungsfest unserer Patenwehr FF Ebermannsdorf steht kurz bevor. Aus diesem Grund machten sich Mitglieder beider Wehren auf den Weg zur Schlossbrauerei Naabeck zur Bierprobe. Nach einer kurzen Brauereif\u00fchrung wurde nat\u00fcrlich in geselliger Runde bei einer z\u00fcnftigen Brotzeit der eigens f\u00fcr&nbsp;&hellip;<\/p>\n","protected":false},"author":1,"featured_media":711,"comment_status":"closed","ping_status":"closed","sticky":false,"template":"","format":"standard","meta":{"ngg_post_thumbnail":0},"categories":[7],"tags":[28,8],"_links":{"self":[{"href":"https:\/\/feuerwehrwolfring.de\/wordpress\/wp-json\/wp\/v2\/posts\/704"}],"collection":[{"href":"https:\/\/feuerwehrwolfring.de\/wordpress\/wp-json\/wp\/v2\/posts"}],"about":[{"href":"https:\/\/feuerwehrwolfring.de\/wordpress\/wp-json\/wp\/v2\/types\/post"}],"author":[{"embeddable":true,"href":"https:\/\/feuerwehrwolfring.de\/wordpress\/wp-json\/wp\/v2\/users\/1"}],"replies":[{"embeddable":true,"href":"https:\/\/feuerwehrwolfring.de\/wordpress\/wp-json\/wp\/v2\/comments?post=704"}],"version-history":[{"count":3,"href":"https:\/\/feuerwehrwolfring.de\/wordpress\/wp-json\/wp\/v2\/posts\/704\/revisions"}],"predecessor-version":[{"id":712,"href":"https:\/\/feuerwehrwolfring.de\/wordpress\/wp-json\/wp\/v2\/posts\/704\/revisions\/712"}],"wp:featuredmedia":[{"embeddable":true,"href":"https:\/\/feuerwehrwolfring.de\/wordpress\/wp-json\/wp\/v2\/media\/711"}],"wp:attachment":[{"href":"https:\/\/feuerwehrwolfring.de\/wordpress\/wp-json\/wp\/v2\/media?parent=704"}],"wp:term":[{"taxonomy":"category","embeddable":true,"href":"https:\/\/feuerwehrwolfring.de\/wordpress\/wp-json\/wp\/v2\/categories?post=704"},{"taxonomy":"post_tag","embeddable":true,"href":"https:\/\/feuerwehrwolfring.de\/wordpress\/wp-json\/wp\/v2\/tags?post=704"}],"curies":[{"name":"wp","href":"https:\/\/api.w.org\/{rel}","templated":true}]}}