 {"id":713,"date":"2017-04-01T16:23:52","date_gmt":"2017-04-01T14:23:52","guid":{"rendered":"http:\/\/feuerwehrwolfring.de\/wordpress\/?p=713"},"modified":"2018-12-16T16:26:40","modified_gmt":"2018-12-16T15:26:40","slug":"01-04-2017-ehrungsabend","status":"publish","type":"post","link":"https:\/\/feuerwehrwolfring.de\/wordpress\/01-04-2017-ehrungsabend\/","title":{"rendered":"01.04.2017 &#8211; Ehrungsabend"},"content":{"rendered":"<p>Zahlreiche Mitglieder wurden f\u00fcr aktive Dienstzeit und Vereinsmitgliedschaft geehrt.<\/p>\n<p>Nach einem gemeinsamen Abendessen konnte unser Vorstand Thomas Wifling neben zahlreichen Aktiven, Passiven und Jugendfeuerwehrlern auch Kreisbrandrat Robert Heinfling, Kreisbrandinspektor Hans Gietl, Kreisbrandmeister Helmut Schatz, B\u00fcrgermeister Christian Ziegler sowie Pfarrer Michael Hoch im festlich geschm\u00fcckten Jugendheim begr\u00fc\u00dfen. An diesem Abend gelte es &#8222;Danke&#8220; zu sagen f\u00fcr die unz\u00e4hligen ehrenamtlichen Stunden aller Feuerwehrkameraden. B\u00fcrgermeister und Pfarrer schlossen sich den Worten an und bezeichneten die jahrzehntelange Treue zur Feuerwehr als anerkennenswert: &#8222;Die Feuerwehr ist immer da, wenn man sie braucht!&#8220;<\/p>\n<p>F\u00fcr zwei Kameraden hatte KBR Heinfling eine besondere Ehrung parat. F\u00fcr seine langj\u00e4hrige T\u00e4tigkeit als erster und zweiter Kommandant erhielt Kommandant Markus Plank das Ehrenkreuz in Silber des Kreisfeuerwehrverbandes Schwandorf.<\/p>\n<p>Das Ehrenkreuz in Gold des Kreisfeuerwehrverbandes erhielt Peter B\u00f6hm. Neben vielen Jahren als Kommandant ist er derzeit in der Funktion des Ger\u00e4tewartes f\u00fcr die technische Ausr\u00fcstung zust\u00e4ndig. Seit 2015 ist er au\u00dferdem als Luftbeobachter f\u00fcr den Katastrophenschutz t\u00e4tig.<\/p>\n<p>Im Anschluss erfolgten die Ehrungen f\u00fcr 25-j\u00e4hrige aktive Dienstzeit (Robert Hermann, Daniel Stahl) und 40-j\u00e4hrige T\u00e4tigkeit im aktiven Dienst (Sebastian Sch\u00f6nberger).<\/p>\n<p>Bei den Vereinsehrungen wurden dann Kameraden f\u00fcr 25, 40, 50 und 60 Jahre Mitgliedschaft geehrt. Seit langer Zeit konnten auch mit Anton Auerbach und Adolf Fisch wieder zwei Mitglieder f\u00fcr 75-j\u00e4hrige Treue zur Feuerwehr Wolfring geehrt werden.<\/p>\nngg_shortcode_0_placeholder\n","protected":false},"excerpt":{"rendered":"<p>Zahlreiche Mitglieder wurden f\u00fcr aktive Dienstzeit und Vereinsmitgliedschaft geehrt. Nach einem gemeinsamen Abendessen konnte unser Vorstand Thomas Wifling neben zahlreichen Aktiven, Passiven und Jugendfeuerwehrlern auch Kreisbrandrat Robert Heinfling, Kreisbrandinspektor Hans Gietl, Kreisbrandmeister Helmut Schatz, B\u00fcrgermeister Christian Ziegler sowie Pfarrer Michael Hoch im festlich geschm\u00fcckten Jugendheim begr\u00fc\u00dfen. An diesem Abend gelte es &#8222;Danke&#8220; zu sagen f\u00fcr&nbsp;&hellip;<\/p>\n","protected":false},"author":1,"featured_media":724,"comment_status":"closed","ping_status":"closed","sticky":false,"template":"","format":"standard","meta":{"ngg_post_thumbnail":0},"categories":[4,7],"tags":[5,8],"_links":{"self":[{"href":"https:\/\/feuerwehrwolfring.de\/wordpress\/wp-json\/wp\/v2\/posts\/713"}],"collection":[{"href":"https:\/\/feuerwehrwolfring.de\/wordpress\/wp-json\/wp\/v2\/posts"}],"about":[{"href":"https:\/\/feuerwehrwolfring.de\/wordpress\/wp-json\/wp\/v2\/types\/post"}],"author":[{"embeddable":true,"href":"https:\/\/feuerwehrwolfring.de\/wordpress\/wp-json\/wp\/v2\/users\/1"}],"replies":[{"embeddable":true,"href":"https:\/\/feuerwehrwolfring.de\/wordpress\/wp-json\/wp\/v2\/comments?post=713"}],"version-history":[{"count":2,"href":"https:\/\/feuerwehrwolfring.de\/wordpress\/wp-json\/wp\/v2\/posts\/713\/revisions"}],"predecessor-version":[{"id":722,"href":"https:\/\/feuerwehrwolfring.de\/wordpress\/wp-json\/wp\/v2\/posts\/713\/revisions\/722"}],"wp:featuredmedia":[{"embeddable":true,"href":"https:\/\/feuerwehrwolfring.de\/wordpress\/wp-json\/wp\/v2\/media\/724"}],"wp:attachment":[{"href":"https:\/\/feuerwehrwolfring.de\/wordpress\/wp-json\/wp\/v2\/media?parent=713"}],"wp:term":[{"taxonomy":"category","embeddable":true,"href":"https:\/\/feuerwehrwolfring.de\/wordpress\/wp-json\/wp\/v2\/categories?post=713"},{"taxonomy":"post_tag","embeddable":true,"href":"https:\/\/feuerwehrwolfring.de\/wordpress\/wp-json\/wp\/v2\/tags?post=713"}],"curies":[{"name":"wp","href":"https:\/\/api.w.org\/{rel}","templated":true}]}}