 {"id":800,"date":"2019-06-01T19:39:00","date_gmt":"2019-06-01T17:39:00","guid":{"rendered":"http:\/\/feuerwehrwolfring.de\/wordpress\/?p=800"},"modified":"2019-06-04T19:43:35","modified_gmt":"2019-06-04T17:43:35","slug":"01-06-2019-jugendflamme-1-und-2","status":"publish","type":"post","link":"https:\/\/feuerwehrwolfring.de\/wordpress\/01-06-2019-jugendflamme-1-und-2\/","title":{"rendered":"01.06.2019 &#8211; Jugendflamme 1 und 2"},"content":{"rendered":"<p>Am 1. Juni trafen sich in Trisching die Feuerwehren aus dem KBM Bereich 4\/1 zur gemeinsamen Abnahme der Jugendflamme 1 und Jugendflamme 2. Kreisjugendwart Christoph Sp\u00f6rl, KBM Helmut Schatz und die Jugendwartsprecher Sebastian Meier und Peter Wilhelm begr\u00fc\u00dften die M\u00e4dchen und Jungen bei strahlendem Sonnenschein. In der Stufe eins wurde das Grundwissen zur Strahlrohrkunde, das Aufsuchen eines Unterflurhydranten, das Ausrollen eines C Schlauches, das Legen von verschiedenen Knoten sowie das Absetzen eines Notrufes abgefragt. F\u00fcnf Jungs unserer Jugendfeuerwehr stellten sich den Aufgaben und legen das Abzeichen mit Bravour ab. In der zweiten Stufe wurde das Kuppeln zweier Saugschl\u00e4uche, die Inbetriebnahme eines Unterflurhydranten, Ger\u00e4tekunde am Fahrzeug und zum Schluss das Kuppeln einer 90m langen C-Leitung gepr\u00fcft. F\u00fcr dieses Abzeichen wurden drei Jugendliche der FF Wolfring und ein Jungfeuerwehrler der FF H\u00f6gling zusammen ausgebildet. Auch sie bestanden erfolgreich und erhielten ihr Abzeichen. Am Ende dankten KBM Schatz und Kreisjugendwart Sp\u00f6rl den Jugendlichen f\u00fcr Ihr Engagement in der Feuerwehr und den Jugendwarten f\u00fcr die solide Ausbildung.<br \/>\nDanke der FF D\u00fcrnsricht f\u00fcr das \u00dcberlassen der Bilder.<\/p>\nngg_shortcode_0_placeholder\n","protected":false},"excerpt":{"rendered":"<p>Am 1. Juni trafen sich in Trisching die Feuerwehren aus dem KBM Bereich 4\/1 zur gemeinsamen Abnahme der Jugendflamme 1 und Jugendflamme 2. Kreisjugendwart Christoph Sp\u00f6rl, KBM Helmut Schatz und die Jugendwartsprecher Sebastian Meier und Peter Wilhelm begr\u00fc\u00dften die M\u00e4dchen und Jungen bei strahlendem Sonnenschein. In der Stufe eins wurde das Grundwissen zur Strahlrohrkunde, das&nbsp;&hellip;<\/p>\n","protected":false},"author":1,"featured_media":806,"comment_status":"closed","ping_status":"closed","sticky":false,"template":"","format":"standard","meta":{"ngg_post_thumbnail":0},"categories":[9],"tags":[27],"_links":{"self":[{"href":"https:\/\/feuerwehrwolfring.de\/wordpress\/wp-json\/wp\/v2\/posts\/800"}],"collection":[{"href":"https:\/\/feuerwehrwolfring.de\/wordpress\/wp-json\/wp\/v2\/posts"}],"about":[{"href":"https:\/\/feuerwehrwolfring.de\/wordpress\/wp-json\/wp\/v2\/types\/post"}],"author":[{"embeddable":true,"href":"https:\/\/feuerwehrwolfring.de\/wordpress\/wp-json\/wp\/v2\/users\/1"}],"replies":[{"embeddable":true,"href":"https:\/\/feuerwehrwolfring.de\/wordpress\/wp-json\/wp\/v2\/comments?post=800"}],"version-history":[{"count":3,"href":"https:\/\/feuerwehrwolfring.de\/wordpress\/wp-json\/wp\/v2\/posts\/800\/revisions"}],"predecessor-version":[{"id":810,"href":"https:\/\/feuerwehrwolfring.de\/wordpress\/wp-json\/wp\/v2\/posts\/800\/revisions\/810"}],"wp:featuredmedia":[{"embeddable":true,"href":"https:\/\/feuerwehrwolfring.de\/wordpress\/wp-json\/wp\/v2\/media\/806"}],"wp:attachment":[{"href":"https:\/\/feuerwehrwolfring.de\/wordpress\/wp-json\/wp\/v2\/media?parent=800"}],"wp:term":[{"taxonomy":"category","embeddable":true,"href":"https:\/\/feuerwehrwolfring.de\/wordpress\/wp-json\/wp\/v2\/categories?post=800"},{"taxonomy":"post_tag","embeddable":true,"href":"https:\/\/feuerwehrwolfring.de\/wordpress\/wp-json\/wp\/v2\/tags?post=800"}],"curies":[{"name":"wp","href":"https:\/\/api.w.org\/{rel}","templated":true}]}}