 {"id":811,"date":"2019-06-04T20:07:19","date_gmt":"2019-06-04T18:07:19","guid":{"rendered":"http:\/\/feuerwehrwolfring.de\/wordpress\/?p=811"},"modified":"2019-06-04T20:07:19","modified_gmt":"2019-06-04T18:07:19","slug":"04-06-2019-umbau-fahrzeughalle","status":"publish","type":"post","link":"https:\/\/feuerwehrwolfring.de\/wordpress\/04-06-2019-umbau-fahrzeughalle\/","title":{"rendered":"04.06.2019 &#8211; Umbau Fahrzeughalle"},"content":{"rendered":"<p style=\"text-align: left;\">Durch die Installation neuer Rolltore und mit dem Einbau der notwendigen Absauganlage in die Fahrzeughalle konnte unser Material- und Ausr\u00fcstungslager nicht weiter am bisherigen Ort verbleiben und musste vorerst im alten Feuerwehrhaus untergebracht werden. Um die Einsatzmaterialien wie \u00d6lbindemittel oder Schl\u00e4uche wieder im Ger\u00e4tehaus lagern zu k\u00f6nnen, wurde es notwendig, die Fahrzeughalle an die neuen Gegebenheiten anzupassen. Dies konnten wir durch sehr viel ehrenamtliches Engagement und vor allem durch die finanzielle Unterst\u00fctzung unseres Vereins realisieren. Durch die kulante \u00dcberlassung einer Busgarage durch die Gemeinde Fensterbach konnte weiterhin ein neues Zuhause f\u00fcr unsere historische Kutsche aus dem Jahr 1903 sowie f\u00fcr unser Vereinsequipment geschaffen werden.<br \/>\nDurch die Umbauma\u00dfnahmen haben wir sowohl f\u00fcr die Aktiven als auch f\u00fcr den Feuerwehrverein eine zufriedenstellende und zukunftssichere L\u00f6sung geschaffen<\/p>\n<p style=\"text-align: left;\">Vielen Dank an ALLE f\u00fcr das tatkr\u00e4ftige Mitanpacken.<\/p>\nngg_shortcode_0_placeholder\n","protected":false},"excerpt":{"rendered":"<p>Durch die Installation neuer Rolltore und mit dem Einbau der notwendigen Absauganlage in die Fahrzeughalle konnte unser Material- und Ausr\u00fcstungslager nicht weiter am bisherigen Ort verbleiben und musste vorerst im alten Feuerwehrhaus untergebracht werden. Um die Einsatzmaterialien wie \u00d6lbindemittel oder Schl\u00e4uche wieder im Ger\u00e4tehaus lagern zu k\u00f6nnen, wurde es notwendig, die Fahrzeughalle an die neuen&nbsp;&hellip;<\/p>\n","protected":false},"author":1,"featured_media":818,"comment_status":"closed","ping_status":"closed","sticky":false,"template":"","format":"standard","meta":{"ngg_post_thumbnail":0},"categories":[4],"tags":[5],"_links":{"self":[{"href":"https:\/\/feuerwehrwolfring.de\/wordpress\/wp-json\/wp\/v2\/posts\/811"}],"collection":[{"href":"https:\/\/feuerwehrwolfring.de\/wordpress\/wp-json\/wp\/v2\/posts"}],"about":[{"href":"https:\/\/feuerwehrwolfring.de\/wordpress\/wp-json\/wp\/v2\/types\/post"}],"author":[{"embeddable":true,"href":"https:\/\/feuerwehrwolfring.de\/wordpress\/wp-json\/wp\/v2\/users\/1"}],"replies":[{"embeddable":true,"href":"https:\/\/feuerwehrwolfring.de\/wordpress\/wp-json\/wp\/v2\/comments?post=811"}],"version-history":[{"count":1,"href":"https:\/\/feuerwehrwolfring.de\/wordpress\/wp-json\/wp\/v2\/posts\/811\/revisions"}],"predecessor-version":[{"id":819,"href":"https:\/\/feuerwehrwolfring.de\/wordpress\/wp-json\/wp\/v2\/posts\/811\/revisions\/819"}],"wp:featuredmedia":[{"embeddable":true,"href":"https:\/\/feuerwehrwolfring.de\/wordpress\/wp-json\/wp\/v2\/media\/818"}],"wp:attachment":[{"href":"https:\/\/feuerwehrwolfring.de\/wordpress\/wp-json\/wp\/v2\/media?parent=811"}],"wp:term":[{"taxonomy":"category","embeddable":true,"href":"https:\/\/feuerwehrwolfring.de\/wordpress\/wp-json\/wp\/v2\/categories?post=811"},{"taxonomy":"post_tag","embeddable":true,"href":"https:\/\/feuerwehrwolfring.de\/wordpress\/wp-json\/wp\/v2\/tags?post=811"}],"curies":[{"name":"wp","href":"https:\/\/api.w.org\/{rel}","templated":true}]}}