 {"id":895,"date":"2019-11-09T16:41:55","date_gmt":"2019-11-09T15:41:55","guid":{"rendered":"http:\/\/feuerwehrwolfring.de\/wordpress\/?p=895"},"modified":"2019-11-16T16:42:04","modified_gmt":"2019-11-16T15:42:04","slug":"09-11-2019-wissenstest","status":"publish","type":"post","link":"https:\/\/feuerwehrwolfring.de\/wordpress\/09-11-2019-wissenstest\/","title":{"rendered":"09.11.2019 \u2013 Wissenstest"},"content":{"rendered":"<p>In Wolfring fand f\u00fcr die Gemeindefeuerwehren aus Schmidgaden und Fensterbach der j\u00e4hrliche Wissenstest statt. 54 M\u00e4dchen und Jungen stellten sich den Aufgaben rund um das Thema &#8222;Verhalten bei Notf\u00e4llen&#8220;. Neben Fragen zur Ersten Hilfe mussten die Floriansj\u00fcnger noch einen Notruf absetzen und eine Person in die stabile Seitenlage bringen. Am Schluss konnten Jugendwartsprecher Sebastian Meier und die anwesenden Jugendwarte allen Teilnehmern zu ihrem bestandenen Abzeichen gratulieren.<\/p>\nngg_shortcode_0_placeholder\n","protected":false},"excerpt":{"rendered":"<p>In Wolfring fand f\u00fcr die Gemeindefeuerwehren aus Schmidgaden und Fensterbach der j\u00e4hrliche Wissenstest statt. 54 M\u00e4dchen und Jungen stellten sich den Aufgaben rund um das Thema &#8222;Verhalten bei Notf\u00e4llen&#8220;. Neben Fragen zur Ersten Hilfe mussten die Floriansj\u00fcnger noch einen Notruf absetzen und eine Person in die stabile Seitenlage bringen. Am Schluss konnten Jugendwartsprecher Sebastian Meier&nbsp;&hellip;<\/p>\n","protected":false},"author":1,"featured_media":898,"comment_status":"closed","ping_status":"closed","sticky":false,"template":"","format":"standard","meta":{"ngg_post_thumbnail":0},"categories":[9],"tags":[27],"_links":{"self":[{"href":"https:\/\/feuerwehrwolfring.de\/wordpress\/wp-json\/wp\/v2\/posts\/895"}],"collection":[{"href":"https:\/\/feuerwehrwolfring.de\/wordpress\/wp-json\/wp\/v2\/posts"}],"about":[{"href":"https:\/\/feuerwehrwolfring.de\/wordpress\/wp-json\/wp\/v2\/types\/post"}],"author":[{"embeddable":true,"href":"https:\/\/feuerwehrwolfring.de\/wordpress\/wp-json\/wp\/v2\/users\/1"}],"replies":[{"embeddable":true,"href":"https:\/\/feuerwehrwolfring.de\/wordpress\/wp-json\/wp\/v2\/comments?post=895"}],"version-history":[{"count":1,"href":"https:\/\/feuerwehrwolfring.de\/wordpress\/wp-json\/wp\/v2\/posts\/895\/revisions"}],"predecessor-version":[{"id":899,"href":"https:\/\/feuerwehrwolfring.de\/wordpress\/wp-json\/wp\/v2\/posts\/895\/revisions\/899"}],"wp:featuredmedia":[{"embeddable":true,"href":"https:\/\/feuerwehrwolfring.de\/wordpress\/wp-json\/wp\/v2\/media\/898"}],"wp:attachment":[{"href":"https:\/\/feuerwehrwolfring.de\/wordpress\/wp-json\/wp\/v2\/media?parent=895"}],"wp:term":[{"taxonomy":"category","embeddable":true,"href":"https:\/\/feuerwehrwolfring.de\/wordpress\/wp-json\/wp\/v2\/categories?post=895"},{"taxonomy":"post_tag","embeddable":true,"href":"https:\/\/feuerwehrwolfring.de\/wordpress\/wp-json\/wp\/v2\/tags?post=895"}],"curies":[{"name":"wp","href":"https:\/\/api.w.org\/{rel}","templated":true}]}}